{"id":9114,"date":"2021-12-06T16:56:37","date_gmt":"2021-12-06T14:56:37","guid":{"rendered":"https:\/\/www.schellingschule.de\/?p=9114"},"modified":"2021-12-06T16:56:37","modified_gmt":"2021-12-06T14:56:37","slug":"weihnachten-im-schuhkarton-kinder-helfen-kindern","status":"publish","type":"post","link":"https:\/\/www.schellingschule.de\/?p=9114","title":{"rendered":"Weihnachten im Schuhkarton (Kinder helfen Kindern)"},"content":{"rendered":"\n<p>Auch im Schuljahr 2021\/2022 hat sich die Schellingschule wieder an dem Projekt &#8222;Weihnachten im Schuhkarton&#8220; beteiligt. Die Kinder und Eltern der Schellingschule haben daraufhin flei\u00dfig P\u00e4ckchen gepackt, die bed\u00fcrftigen Kindern \u00fcbergeben werden. Mit viel Liebe wurden n\u00fctzliche Dinge, wie w\u00e4rmende M\u00fctzen, Handschuhe, aber auch kleines Spielzeug eingepackt und unserem Geschenkeboten \u00fcbergeben. Dieses Jahr sind, dank der flei\u00dfigen Helfer und Helferinnen, 68 P\u00e4ckchen zusammengekommen! Wir freuen uns sehr wieder Teil des sch\u00f6nen Weihnachts-Geschenke-Projekts gewesen zu sein und hoffen damit vielen Kindern ein L\u00e4cheln ins Gesicht zaubern zu k\u00f6nnen! <br \/><br \/><\/p>\n\n\n\n<figure class=\"wp-block-image size-large is-resized is-style-rounded\"><img loading=\"lazy\" decoding=\"async\" src=\"https:\/\/www.schellingschule.de\/wp-content\/uploads\/2021\/11\/Weihnachten-im-Schuhkarton-1024x768.jpg\" alt=\"\" class=\"wp-image-9116\" width=\"577\" height=\"433\"\/><\/figure>\n\n\n\n<figure class=\"wp-block-image size-large\"><img loading=\"lazy\" decoding=\"async\" width=\"1024\" height=\"485\" src=\"https:\/\/www.schellingschule.de\/wp-content\/uploads\/2021\/12\/Schuhkarton-1-1024x485.jpg\" alt=\"\" class=\"wp-image-9137\" srcset=\"https:\/\/www.schellingschule.de\/wp-content\/uploads\/2021\/12\/Schuhkarton-1-1024x485.jpg 1024w, https:\/\/www.schellingschule.de\/wp-content\/uploads\/2021\/12\/Schuhkarton-1-300x142.jpg 300w, https:\/\/www.schellingschule.de\/wp-content\/uploads\/2021\/12\/Schuhkarton-1-768x364.jpg 768w, https:\/\/www.schellingschule.de\/wp-content\/uploads\/2021\/12\/Schuhkarton-1-1536x728.jpg 1536w, https:\/\/www.schellingschule.de\/wp-content\/uploads\/2021\/12\/Schuhkarton-1-500x237.jpg 500w, https:\/\/www.schellingschule.de\/wp-content\/uploads\/2021\/12\/Schuhkarton-1.jpg 1920w\" sizes=\"auto, (max-width: 1024px) 100vw, 1024px\" \/><figcaption>Unsere flei\u00dfigen Helfer und Helferinnen. <\/figcaption><\/figure>\n\n\n\n<figure class=\"wp-block-image size-large is-style-rounded\"><img loading=\"lazy\" decoding=\"async\" width=\"1024\" height=\"484\" src=\"https:\/\/www.schellingschule.de\/wp-content\/uploads\/2021\/12\/Schuhkarton2-1-1024x484.jpg\" alt=\"\" class=\"wp-image-9138\" srcset=\"https:\/\/www.schellingschule.de\/wp-content\/uploads\/2021\/12\/Schuhkarton2-1-1024x484.jpg 1024w, https:\/\/www.schellingschule.de\/wp-content\/uploads\/2021\/12\/Schuhkarton2-1-300x142.jpg 300w, https:\/\/www.schellingschule.de\/wp-content\/uploads\/2021\/12\/Schuhkarton2-1-768x363.jpg 768w, https:\/\/www.schellingschule.de\/wp-content\/uploads\/2021\/12\/Schuhkarton2-1-1536x726.jpg 1536w, https:\/\/www.schellingschule.de\/wp-content\/uploads\/2021\/12\/Schuhkarton2-1-500x236.jpg 500w, https:\/\/www.schellingschule.de\/wp-content\/uploads\/2021\/12\/Schuhkarton2-1.jpg 1920w\" sizes=\"auto, (max-width: 1024px) 100vw, 1024px\" \/><\/figure>\n\n\n\n<figure class=\"wp-block-image size-large\"><img loading=\"lazy\" decoding=\"async\" width=\"1024\" height=\"484\" src=\"https:\/\/www.schellingschule.de\/wp-content\/uploads\/2021\/12\/Schuhkarton3-1-1024x484.jpg\" alt=\"\" class=\"wp-image-9139\" srcset=\"https:\/\/www.schellingschule.de\/wp-content\/uploads\/2021\/12\/Schuhkarton3-1-1024x484.jpg 1024w, https:\/\/www.schellingschule.de\/wp-content\/uploads\/2021\/12\/Schuhkarton3-1-300x142.jpg 300w, https:\/\/www.schellingschule.de\/wp-content\/uploads\/2021\/12\/Schuhkarton3-1-768x363.jpg 768w, https:\/\/www.schellingschule.de\/wp-content\/uploads\/2021\/12\/Schuhkarton3-1-1536x726.jpg 1536w, https:\/\/www.schellingschule.de\/wp-content\/uploads\/2021\/12\/Schuhkarton3-1-500x236.jpg 500w, https:\/\/www.schellingschule.de\/wp-content\/uploads\/2021\/12\/Schuhkarton3-1.jpg 1920w\" sizes=\"auto, (max-width: 1024px) 100vw, 1024px\" \/><\/figure>\n","protected":false},"excerpt":{"rendered":"<p>Auch im Schuljahr 2021\/2022 hat sich die Schellingschule wieder an dem Projekt &#8222;Weihnachten im Schuhkarton&#8220; beteiligt. Die Kinder und Eltern der Schellingschule haben daraufhin flei\u00dfig P\u00e4ckchen gepackt, die bed\u00fcrftigen Kindern \u00fcbergeben werden. Mit viel Liebe wurden n\u00fctzliche Dinge, wie w\u00e4rmende &hellip; <a href=\"https:\/\/www.schellingschule.de\/?p=9114\">Weiterlesen <span class=\"meta-nav\">&rarr;<\/span><\/a><\/p>\n","protected":false},"author":21,"featured_media":9137,"comment_status":"closed","ping_status":"closed","sticky":false,"template":"","format":"standard","meta":{"footnotes":""},"categories":[1,17,18,19,20],"tags":[],"class_list":["post-9114","post","type-post","status-publish","format-standard","has-post-thumbnail","hentry","category-allgemein","category-klasse-1","category-klasse-2","category-klasse-3","category-klasse-4"],"_links":{"self":[{"href":"https:\/\/www.schellingschule.de\/index.php?rest_route=\/wp\/v2\/posts\/9114","targetHints":{"allow":["GET"]}}],"collection":[{"href":"https:\/\/www.schellingschule.de\/index.php?rest_route=\/wp\/v2\/posts"}],"about":[{"href":"https:\/\/www.schellingschule.de\/index.php?rest_route=\/wp\/v2\/types\/post"}],"author":[{"embeddable":true,"href":"https:\/\/www.schellingschule.de\/index.php?rest_route=\/wp\/v2\/users\/21"}],"replies":[{"embeddable":true,"href":"https:\/\/www.schellingschule.de\/index.php?rest_route=%2Fwp%2Fv2%2Fcomments&post=9114"}],"version-history":[{"count":8,"href":"https:\/\/www.schellingschule.de\/index.php?rest_route=\/wp\/v2\/posts\/9114\/revisions"}],"predecessor-version":[{"id":9144,"href":"https:\/\/www.schellingschule.de\/index.php?rest_route=\/wp\/v2\/posts\/9114\/revisions\/9144"}],"wp:featuredmedia":[{"embeddable":true,"href":"https:\/\/www.schellingschule.de\/index.php?rest_route=\/wp\/v2\/media\/9137"}],"wp:attachment":[{"href":"https:\/\/www.schellingschule.de\/index.php?rest_route=%2Fwp%2Fv2%2Fmedia&parent=9114"}],"wp:term":[{"taxonomy":"category","embeddable":true,"href":"https:\/\/www.schellingschule.de\/index.php?rest_route=%2Fwp%2Fv2%2Fcategories&post=9114"},{"taxonomy":"post_tag","embeddable":true,"href":"https:\/\/www.schellingschule.de\/index.php?rest_route=%2Fwp%2Fv2%2Ftags&post=9114"}],"curies":[{"name":"wp","href":"https:\/\/api.w.org\/{rel}","templated":true}]}}