{"id":10550,"date":"2025-07-25T14:57:29","date_gmt":"2025-07-25T12:57:29","guid":{"rendered":"https:\/\/www.schellingschule.de\/?p=10550"},"modified":"2025-07-25T14:57:29","modified_gmt":"2025-07-25T12:57:29","slug":"das-fehling-lab","status":"publish","type":"post","link":"https:\/\/www.schellingschule.de\/?p=10550","title":{"rendered":"Das Fehling-Lab"},"content":{"rendered":"\n<p>Am Donnerstag, dem 10.7.2025, kam das Fehling-Lab zu uns in die Schule. Als Erstes gingen wir mit Fr. Capudi und Fr. Zereyk die Regeln durch. Danach mussten wir den M\u00f6rser und das Pastill holen. Wir kippten Lavendel in den M\u00f6rser und zerkleinerten den Lavendel. Dann brachten wir alle Sachen zur\u00fcck und nahmen die Zitronens\u00e4ure und gossen 10 ml in den Messbecher. Dann mussten wir wieder alles zerkleinern. Wir holten uns spezielles Papier und legten es auf ein Reagenzglas. Danach kippten wir den Lavendel auf das Papier und die Fl\u00fcssigkeit floss nach unten. Jetzt mussten wir die Fl\u00fcssigkeit in das andere kleine Gl\u00e4schen gie\u00dfen. Wir hatten jetzt unser Parf\u00fcm. Es hat machte sehr viel Spa\u00df.<\/p>\n\n\n\n<p>von Lorena<\/p>\n\n\n<div class=\"wp-block-image\">\n<figure class=\"aligncenter size-large is-resized\"><a href=\"https:\/\/www.schellingschule.de\/wp-content\/uploads\/2025\/07\/DSCF6771-scaled.jpg\"><img loading=\"lazy\" decoding=\"async\" width=\"768\" height=\"1024\" src=\"https:\/\/www.schellingschule.de\/wp-content\/uploads\/2025\/07\/DSCF6771-768x1024.jpg\" alt=\"\" class=\"wp-image-10552\" style=\"width:314px;height:auto\" srcset=\"https:\/\/www.schellingschule.de\/wp-content\/uploads\/2025\/07\/DSCF6771-768x1024.jpg 768w, https:\/\/www.schellingschule.de\/wp-content\/uploads\/2025\/07\/DSCF6771-225x300.jpg 225w, https:\/\/www.schellingschule.de\/wp-content\/uploads\/2025\/07\/DSCF6771-1152x1536.jpg 1152w, https:\/\/www.schellingschule.de\/wp-content\/uploads\/2025\/07\/DSCF6771-1536x2048.jpg 1536w, https:\/\/www.schellingschule.de\/wp-content\/uploads\/2025\/07\/DSCF6771-scaled.jpg 1920w\" sizes=\"auto, (max-width: 768px) 100vw, 768px\" \/><\/a><\/figure><\/div>\n\n\n<p>Fehling-Lab<\/p>\n\n\n\n<p>An einem Donnerstag gingen wir in den Chemieraum. Da warteten zwei Frauen auf uns. Sie erkl\u00e4rten uns, was die Regeln waren. Das Thema war Parf\u00fcm herstellen. Das Parf\u00fcm sollte Lavendelduft sein. Wir holten getrockneten Lavendel und verr\u00fchrten es, bis es klein wurde. Dann mischten wir es mit Zitronens\u00e4ure. Danach machten wir auf ein Glas ein Papier, das ganz kleine L\u00f6cher hatte. Dann gaben wir die Zitronens\u00e4ure ins Glas. Als wir die Fl\u00fcssigkeit in ein kleines Glas reingesch\u00fcttet hatten, r\u00e4umten wir alles auf. Anschlie\u00dfend machten wir zwei Fotos: einmal ein normales und ein Quatschfoto. Als wir fertig waren, gingen wir wieder ins Klassenzimmer. Ich fand es cool und toll, weil ich jetzt ein eigenes Parf\u00fcm habe. Was ich richtig gut finde, war, dass es Lavendelduft war.<\/p>\n\n\n\n<p>Angelos<\/p>\n\n\n<div class=\"wp-block-image\">\n<figure class=\"aligncenter size-large is-resized\"><a href=\"https:\/\/www.schellingschule.de\/wp-content\/uploads\/2025\/07\/DSCF6774-Kopie-scaled.jpg\"><img loading=\"lazy\" decoding=\"async\" width=\"1024\" height=\"947\" src=\"https:\/\/www.schellingschule.de\/wp-content\/uploads\/2025\/07\/DSCF6774-Kopie-1024x947.jpg\" alt=\"\" class=\"wp-image-10553\" style=\"width:381px;height:auto\" srcset=\"https:\/\/www.schellingschule.de\/wp-content\/uploads\/2025\/07\/DSCF6774-Kopie-1024x947.jpg 1024w, https:\/\/www.schellingschule.de\/wp-content\/uploads\/2025\/07\/DSCF6774-Kopie-300x277.jpg 300w, https:\/\/www.schellingschule.de\/wp-content\/uploads\/2025\/07\/DSCF6774-Kopie-768x710.jpg 768w, https:\/\/www.schellingschule.de\/wp-content\/uploads\/2025\/07\/DSCF6774-Kopie-1536x1420.jpg 1536w, https:\/\/www.schellingschule.de\/wp-content\/uploads\/2025\/07\/DSCF6774-Kopie-2048x1894.jpg 2048w, https:\/\/www.schellingschule.de\/wp-content\/uploads\/2025\/07\/DSCF6774-Kopie-324x300.jpg 324w\" sizes=\"auto, (max-width: 1024px) 100vw, 1024px\" \/><\/a><\/figure><\/div>\n\n\n<p><\/p>\n\n\n\n<p>Das Fehling-Lab Parf\u00fcm<\/p>\n\n\n\n<p>Letzte Woche machten wir in der Schule Parf\u00fcm. Wir waren im Chemieraum. Dort waren zwei Frauen aus dem Labor, die uns sagten, was wir machen sollten. Ich presste zuerst Lavendel. Wir mischten dann Zitronens\u00e4ure mit Wasser. Als n\u00e4chstes mischten wir den Lavendel mit Zitronens\u00e4ure. Jetzt war das Parf\u00fcm fertig. Zum Schluss f\u00fcllten wir das Parf\u00fcm in eine kleine Flasche. Ich machte die Flasche zu und nahm sie mit nach Hause. Ich legte das Parf\u00fcm in mein Bad.<\/p>\n\n\n\n<p>von Noel<\/p>\n\n\n<div class=\"wp-block-image\">\n<figure class=\"aligncenter size-large is-resized\"><a href=\"https:\/\/www.schellingschule.de\/wp-content\/uploads\/2025\/07\/DSCF6780-Kopie.jpg\"><img loading=\"lazy\" decoding=\"async\" width=\"858\" height=\"1024\" src=\"https:\/\/www.schellingschule.de\/wp-content\/uploads\/2025\/07\/DSCF6780-Kopie-858x1024.jpg\" alt=\"\" class=\"wp-image-10554\" style=\"width:248px;height:auto\" srcset=\"https:\/\/www.schellingschule.de\/wp-content\/uploads\/2025\/07\/DSCF6780-Kopie-858x1024.jpg 858w, https:\/\/www.schellingschule.de\/wp-content\/uploads\/2025\/07\/DSCF6780-Kopie-251x300.jpg 251w, https:\/\/www.schellingschule.de\/wp-content\/uploads\/2025\/07\/DSCF6780-Kopie-768x917.jpg 768w, https:\/\/www.schellingschule.de\/wp-content\/uploads\/2025\/07\/DSCF6780-Kopie-1286x1536.jpg 1286w, https:\/\/www.schellingschule.de\/wp-content\/uploads\/2025\/07\/DSCF6780-Kopie.jpg 1592w\" sizes=\"auto, (max-width: 858px) 100vw, 858px\" \/><\/a><\/figure><\/div>","protected":false},"excerpt":{"rendered":"<p>Am Donnerstag, dem 10.7.2025, kam das Fehling-Lab zu uns in die Schule. Als Erstes gingen wir mit Fr. Capudi und Fr. Zereyk die Regeln durch. Danach mussten wir den M\u00f6rser und das Pastill holen. Wir kippten Lavendel in den M\u00f6rser &hellip; <a href=\"https:\/\/www.schellingschule.de\/?p=10550\">Weiterlesen <span class=\"meta-nav\">&rarr;<\/span><\/a><\/p>\n","protected":false},"author":7,"featured_media":0,"comment_status":"closed","ping_status":"closed","sticky":false,"template":"","format":"standard","meta":{"footnotes":""},"categories":[19],"tags":[],"class_list":["post-10550","post","type-post","status-publish","format-standard","hentry","category-klasse-3"],"_links":{"self":[{"href":"https:\/\/www.schellingschule.de\/index.php?rest_route=\/wp\/v2\/posts\/10550","targetHints":{"allow":["GET"]}}],"collection":[{"href":"https:\/\/www.schellingschule.de\/index.php?rest_route=\/wp\/v2\/posts"}],"about":[{"href":"https:\/\/www.schellingschule.de\/index.php?rest_route=\/wp\/v2\/types\/post"}],"author":[{"embeddable":true,"href":"https:\/\/www.schellingschule.de\/index.php?rest_route=\/wp\/v2\/users\/7"}],"replies":[{"embeddable":true,"href":"https:\/\/www.schellingschule.de\/index.php?rest_route=%2Fwp%2Fv2%2Fcomments&post=10550"}],"version-history":[{"count":3,"href":"https:\/\/www.schellingschule.de\/index.php?rest_route=\/wp\/v2\/posts\/10550\/revisions"}],"predecessor-version":[{"id":10566,"href":"https:\/\/www.schellingschule.de\/index.php?rest_route=\/wp\/v2\/posts\/10550\/revisions\/10566"}],"wp:attachment":[{"href":"https:\/\/www.schellingschule.de\/index.php?rest_route=%2Fwp%2Fv2%2Fmedia&parent=10550"}],"wp:term":[{"taxonomy":"category","embeddable":true,"href":"https:\/\/www.schellingschule.de\/index.php?rest_route=%2Fwp%2Fv2%2Fcategories&post=10550"},{"taxonomy":"post_tag","embeddable":true,"href":"https:\/\/www.schellingschule.de\/index.php?rest_route=%2Fwp%2Fv2%2Ftags&post=10550"}],"curies":[{"name":"wp","href":"https:\/\/api.w.org\/{rel}","templated":true}]}}